{"id":1109,"date":"2013-12-22T12:59:00","date_gmt":"2013-12-22T11:59:00","guid":{"rendered":"http:\/\/signal.eu.org\/blog\/?p=1109"},"modified":"2013-12-23T01:01:57","modified_gmt":"2013-12-23T00:01:57","slug":"le-ftth-a-paris-on-touche-au-but","status":"publish","type":"post","link":"https:\/\/signal.eu.org\/blog\/2013\/12\/22\/le-ftth-a-paris-on-touche-au-but\/","title":{"rendered":"Le FTTH \u00e0 Paris : on touche au but !"},"content":{"rendered":"\n<div class=\"twitter-share\"><a href=\"https:\/\/twitter.com\/intent\/tweet?via=pbeyssac\" class=\"twitter-share-button\">Tweet<\/a><\/div>\n<p>Le passage tant attendu de SFR pour brancher l&#8217;arriv\u00e9e fibre dite &#8220;horizontale&#8221; de leur r\u00e9seau sur le c\u00e2blage immeuble a eu lieu le 9 d\u00e9cembre.<\/p>\n<p>Finalement l&#8217;arriv\u00e9e choisie a \u00e9t\u00e9 l&#8217;\u00e9gout, contrairement \u00e0 ce qui m&#8217;avait \u00e9t\u00e9 dit au rep\u00e9rage o\u00f9 il avait plut\u00f4t \u00e9t\u00e9 question d&#8217;utiliser l&#8217;arriv\u00e9e par le m\u00eame chemin qu&#8217;Orange.<\/p>\n<p>L&#8217;arriv\u00e9e \u00e9tant \u00e0 plus de 30 m\u00e8tres du boitier de mutualisation, il a fallu poser un boitier interm\u00e9diaire d&#8217;amplification\/conversion, que l&#8217;on voit ci-dessous dans le local &#8220;eau&#8221; de l&#8217;immeuble.<\/p>\n<p style=\"text-align: center;\"><a href=\"http:\/\/signal.eu.org\/blog\/wp-content\/uploads\/2013\/12\/wpid-IMG_20131209_111958.jpg\"><img decoding=\"async\" loading=\"lazy\" class=\"aligncenter size-medium wp-image-1084\" alt=\"wpid-IMG_20131209_111958.jpg\" src=\"http:\/\/signal.eu.org\/blog\/wp-content\/uploads\/2013\/12\/wpid-IMG_20131209_111958-300x225.jpg\" width=\"300\" height=\"225\" srcset=\"https:\/\/signal.eu.org\/blog\/wp-content\/uploads\/2013\/12\/wpid-IMG_20131209_111958-300x225.jpg 300w, https:\/\/signal.eu.org\/blog\/wp-content\/uploads\/2013\/12\/wpid-IMG_20131209_111958-1024x768.jpg 1024w\" sizes=\"(max-width: 300px) 100vw, 300px\" \/><\/a><\/p>\n<p style=\"text-align: center;\">(cliquer pour agrandir)<\/p>\n<p>&nbsp;<\/p>\n<p>Ensuite le faisceau 2&#215;12 fibres, commun entre SFR et Bouygues, a \u00e9t\u00e9 pos\u00e9 et soud\u00e9 jusqu&#8217;au point de mutualisation, ci-dessous.<\/p>\n<p style=\"text-align: center;\"><a href=\"http:\/\/signal.eu.org\/blog\/wp-content\/uploads\/2013\/12\/wpid-IMG_20131209_112053.jpg\"><img decoding=\"async\" loading=\"lazy\" class=\"aligncenter size-medium wp-image-1083\" alt=\"wpid-IMG_20131209_112053.jpg\" src=\"http:\/\/signal.eu.org\/blog\/wp-content\/uploads\/2013\/12\/wpid-IMG_20131209_112053-300x225.jpg\" width=\"300\" height=\"225\" srcset=\"https:\/\/signal.eu.org\/blog\/wp-content\/uploads\/2013\/12\/wpid-IMG_20131209_112053-300x225.jpg 300w, https:\/\/signal.eu.org\/blog\/wp-content\/uploads\/2013\/12\/wpid-IMG_20131209_112053-1024x768.jpg 1024w\" sizes=\"(max-width: 300px) 100vw, 300px\" \/><\/a><\/p>\n<p style=\"text-align: center;\">(cliquer pour agrandir)<\/p>\n<p>De bas en haut on aper\u00e7oit :<br \/>\n&#8211; le coffret de r\u00e9partition Bouygues, ouvert<br \/>\n&#8211; le coffret de r\u00e9partition SFR, \u00e9galement ouvert<br \/>\n&#8211; le coffret vers les fibres verticales de l&#8217;immeuble<br \/>\n&#8211; le coffret de r\u00e9partition pour Orange, inutilis\u00e9 pour l&#8217;instant.<\/p>\n<p>Il a fallu environ 1\/2 journ\u00e9e pour terminer cette installation.<\/p>\n<p>Mais nous n&#8217;\u00e9tions pas encore au bout de nos peines. Il fallait encore qu&#8217;un technicien SFR passe dans l&#8217;immeuble pour tester l&#8217;installation (celle-ci ayant \u00e9t\u00e9 probablement r\u00e9alis\u00e9e par des prestataires). Cette op\u00e9ration a eu lieu hier matin, 21 d\u00e9cembre. Le technicien a branch\u00e9 un convertisseur de m\u00e9dia optique-cuivre, du m\u00eame mod\u00e8le que celui qui est fourni aux abonn\u00e9s, et a v\u00e9rifi\u00e9 par un appel au centre technique SFR que le convertisseur \u00e9tait bien &#8220;visible&#8221; par le r\u00e9seau SFR.<\/p>\n<p>Cette v\u00e9rification effectu\u00e9e avec succ\u00e8s, il ne reste plus qu&#8217;\u00e0 indiquer dans le syst\u00e8me d&#8217;information SFR que l&#8217;immeuble est enfin disponible \u00e0 l&#8217;abonnement fibre. De son c\u00f4t\u00e9, SFR appellera ses abonn\u00e9s ADSL dans l&#8217;immeuble pour leur proposer une migration avec passage d&#8217;un technicien pour poser le dernier bout de fibre sur leur palier et la box fibre.<\/p>\n","protected":false},"excerpt":{"rendered":"<p>Le passage tant attendu de SFR pour brancher l&#8217;arriv\u00e9e fibre dite &#8220;horizontale&#8221; de leur r\u00e9seau sur le c\u00e2blage immeuble a eu lieu le 9 d\u00e9cembre. Finalement l&#8217;arriv\u00e9e choisie a \u00e9t\u00e9 l&#8217;\u00e9gout, contrairement \u00e0 ce qui m&#8217;avait \u00e9t\u00e9 dit au rep\u00e9rage o\u00f9 il avait plut\u00f4t \u00e9t\u00e9 question d&#8217;utiliser l&#8217;arriv\u00e9e par le m\u00eame chemin qu&#8217;Orange. L&#8217;arriv\u00e9e \u00e9tant &hellip; <a href=\"https:\/\/signal.eu.org\/blog\/2013\/12\/22\/le-ftth-a-paris-on-touche-au-but\/\" class=\"more-link\">Continue reading <span class=\"screen-reader-text\">Le FTTH \u00e0 Paris : on touche au but !<\/span> <span class=\"meta-nav\">&rarr;<\/span><\/a><\/p>\n","protected":false},"author":1,"featured_media":0,"comment_status":"open","ping_status":"open","sticky":false,"template":"","format":"standard","meta":[],"categories":[15,17],"tags":[],"_links":{"self":[{"href":"https:\/\/signal.eu.org\/blog\/wp-json\/wp\/v2\/posts\/1109"}],"collection":[{"href":"https:\/\/signal.eu.org\/blog\/wp-json\/wp\/v2\/posts"}],"about":[{"href":"https:\/\/signal.eu.org\/blog\/wp-json\/wp\/v2\/types\/post"}],"author":[{"embeddable":true,"href":"https:\/\/signal.eu.org\/blog\/wp-json\/wp\/v2\/users\/1"}],"replies":[{"embeddable":true,"href":"https:\/\/signal.eu.org\/blog\/wp-json\/wp\/v2\/comments?post=1109"}],"version-history":[{"count":7,"href":"https:\/\/signal.eu.org\/blog\/wp-json\/wp\/v2\/posts\/1109\/revisions"}],"predecessor-version":[{"id":1116,"href":"https:\/\/signal.eu.org\/blog\/wp-json\/wp\/v2\/posts\/1109\/revisions\/1116"}],"wp:attachment":[{"href":"https:\/\/signal.eu.org\/blog\/wp-json\/wp\/v2\/media?parent=1109"}],"wp:term":[{"taxonomy":"category","embeddable":true,"href":"https:\/\/signal.eu.org\/blog\/wp-json\/wp\/v2\/categories?post=1109"},{"taxonomy":"post_tag","embeddable":true,"href":"https:\/\/signal.eu.org\/blog\/wp-json\/wp\/v2\/tags?post=1109"}],"curies":[{"name":"wp","href":"https:\/\/api.w.org\/{rel}","templated":true}]}}