{"id":1132,"date":"2014-01-30T22:16:06","date_gmt":"2014-01-30T21:16:06","guid":{"rendered":"http:\/\/signal.eu.org\/blog\/?p=1132"},"modified":"2014-01-30T22:16:06","modified_gmt":"2014-01-30T21:16:06","slug":"ftth-et-maintenant-les-regles-j3m-arcep-pour-ralentir-le-tout","status":"publish","type":"post","link":"https:\/\/signal.eu.org\/blog\/2014\/01\/30\/ftth-et-maintenant-les-regles-j3m-arcep-pour-ralentir-le-tout\/","title":{"rendered":"FTTH : et maintenant, les r\u00e8gles J3M ARCEP pour ralentir le tout"},"content":{"rendered":"\n<div class=\"twitter-share\"><a href=\"https:\/\/twitter.com\/intent\/tweet?via=pbeyssac\" class=\"twitter-share-button\">Tweet<\/a><\/div>\n<p>(Suite de <a title=\"Permanent Link to Le FTTH \u00e0 Paris : on touche au but !\" href=\"http:\/\/signal.eu.org\/blog\/2013\/12\/22\/le-ftth-a-paris-on-touche-au-but\/\" rel=\"bookmark\">Le FTTH \u00e0 Paris : on touche au but !<\/a>)<\/p>\n<p>Toujours en attente de la mise en service de la fibre dans l&#8217;immeuble, plus d&#8217;un mois apr\u00e8s le passage du technicien selon qui le d\u00e9lai n&#8217;\u00e9tait que de 2 \u00e0 3 jours.<\/p>\n<p>Mais c&#8217;\u00e9tait compter sans le &#8220;J3M&#8221;, je cite le<a href=\"http:\/\/www.arcep.fr\/index.php?id=11913\"> site ARCEP<\/a> :<\/p>\n<blockquote><p>l&#8217;op\u00e9rateur d&#8217;immeuble est tenu d&#8217;envoyer 3 mois avant la mise en service commerciale du point de mutualisation (PM) un certain nombre d&#8217;informations \u00e0 la liste des op\u00e9rateurs destinataires des informations concernant l&#8217;installation de lignes de communications \u00e9lectroniques \u00e0 tr\u00e8s haut d\u00e9bit en fibre optique dans les immeubles pr\u00e9vue \u00e0 l&#8217;article R. 9-2 du CPCE (tenue \u00e0 jour sur le site de l&#8217;ARCEP)<\/p><\/blockquote>\n<p>Autrement dit, l&#8217;intervention fin d\u00e9cembre visait \u00e0 valider la disponibilit\u00e9 du point de mutualisation, et l&#8217;op\u00e9rateur a d\u00e9cid\u00e9 de ne faire courir le d\u00e9lai de 3 mois qu&#8217;\u00e0 partir de ce moment, et pas avant (il aurait probablement pu d\u00e9cider d&#8217;anticiper la notification de mise en service, mais cela n\u00e9cessiterait de prendre un petit risque : s&#8217;imposer en interne des contraintes de d\u00e9lai pour respecter les 3 mois).<\/p>\n<p>Voil\u00e0 donc la mise en service qu&#8217;on croyait imminente repouss\u00e9e, au plus t\u00f4t, au 21 mars 2014&#8230;<\/p>\n","protected":false},"excerpt":{"rendered":"<p>(Suite de Le FTTH \u00e0 Paris : on touche au but !) Toujours en attente de la mise en service de la fibre dans l&#8217;immeuble, plus d&#8217;un mois apr\u00e8s le passage du technicien selon qui le d\u00e9lai n&#8217;\u00e9tait que de 2 \u00e0 3 jours. Mais c&#8217;\u00e9tait compter sans le &#8220;J3M&#8221;, je cite le site ARCEP &hellip; <a href=\"https:\/\/signal.eu.org\/blog\/2014\/01\/30\/ftth-et-maintenant-les-regles-j3m-arcep-pour-ralentir-le-tout\/\" class=\"more-link\">Continue reading <span class=\"screen-reader-text\">FTTH : et maintenant, les r\u00e8gles J3M ARCEP pour ralentir le tout<\/span> <span class=\"meta-nav\">&rarr;<\/span><\/a><\/p>\n","protected":false},"author":1,"featured_media":0,"comment_status":"open","ping_status":"open","sticky":false,"template":"","format":"standard","meta":[],"categories":[15,17],"tags":[],"_links":{"self":[{"href":"https:\/\/signal.eu.org\/blog\/wp-json\/wp\/v2\/posts\/1132"}],"collection":[{"href":"https:\/\/signal.eu.org\/blog\/wp-json\/wp\/v2\/posts"}],"about":[{"href":"https:\/\/signal.eu.org\/blog\/wp-json\/wp\/v2\/types\/post"}],"author":[{"embeddable":true,"href":"https:\/\/signal.eu.org\/blog\/wp-json\/wp\/v2\/users\/1"}],"replies":[{"embeddable":true,"href":"https:\/\/signal.eu.org\/blog\/wp-json\/wp\/v2\/comments?post=1132"}],"version-history":[{"count":0,"href":"https:\/\/signal.eu.org\/blog\/wp-json\/wp\/v2\/posts\/1132\/revisions"}],"wp:attachment":[{"href":"https:\/\/signal.eu.org\/blog\/wp-json\/wp\/v2\/media?parent=1132"}],"wp:term":[{"taxonomy":"category","embeddable":true,"href":"https:\/\/signal.eu.org\/blog\/wp-json\/wp\/v2\/categories?post=1132"},{"taxonomy":"post_tag","embeddable":true,"href":"https:\/\/signal.eu.org\/blog\/wp-json\/wp\/v2\/tags?post=1132"}],"curies":[{"name":"wp","href":"https:\/\/api.w.org\/{rel}","templated":true}]}}