{"id":1141,"date":"2014-03-12T14:07:09","date_gmt":"2014-03-12T13:07:09","guid":{"rendered":"http:\/\/signal.eu.org\/blog\/?p=1141"},"modified":"2015-10-11T23:40:44","modified_gmt":"2015-10-11T21:40:44","slug":"le-ftth-a-paris-apres-6-ans-dattente","status":"publish","type":"post","link":"https:\/\/signal.eu.org\/blog\/2014\/03\/12\/le-ftth-a-paris-apres-6-ans-dattente\/","title":{"rendered":"Le FTTH \u00e0 Paris apr\u00e8s 6 ans d&#8217;attente"},"content":{"rendered":"\n<div class=\"twitter-share\"><a href=\"https:\/\/twitter.com\/intent\/tweet?via=pbeyssac\" class=\"twitter-share-button\">Tweet<\/a><\/div>\n<p>La bonne nouvelle de ce jour : presque 3 mois apr\u00e8s les tests d&#8217;installation, mon immeuble est enfin disponible \u00e0 l&#8217;abonnement sur <a href=\"http:\/\/sfr.fr\/\">sfr.fr<\/a>.<\/p>\n<p>Il reste donc \u00e0 demander et obtenir un rendez-vous.<\/p>\n<p>Presque 6 ans pour en arriver l\u00e0&#8230; cette fois touche-t-on au but ?<\/p>\n<p><a href=\"https:\/\/signal.eu.org\/blog\/wp-content\/uploads\/2014\/03\/fibresfr.png\"><img decoding=\"async\" loading=\"lazy\" class=\"aligncenter wp-image-1142 size-medium\" src=\"https:\/\/signal.eu.org\/blog\/wp-content\/uploads\/2014\/03\/fibresfr-300x300.png\" alt=\"fibresfr\" width=\"300\" height=\"300\" srcset=\"https:\/\/signal.eu.org\/blog\/wp-content\/uploads\/2014\/03\/fibresfr-300x300.png 300w, https:\/\/signal.eu.org\/blog\/wp-content\/uploads\/2014\/03\/fibresfr-150x150.png 150w, https:\/\/signal.eu.org\/blog\/wp-content\/uploads\/2014\/03\/fibresfr.png 1015w\" sizes=\"(max-width: 300px) 100vw, 300px\" \/><\/a><\/p>\n<p>&nbsp;<\/p>\n","protected":false},"excerpt":{"rendered":"<p>La bonne nouvelle de ce jour : presque 3 mois apr\u00e8s les tests d&#8217;installation, mon immeuble est enfin disponible \u00e0 l&#8217;abonnement sur sfr.fr. Il reste donc \u00e0 demander et obtenir un rendez-vous. Presque 6 ans pour en arriver l\u00e0&#8230; cette fois touche-t-on au but ? &nbsp;<\/p>\n","protected":false},"author":1,"featured_media":0,"comment_status":"open","ping_status":"open","sticky":false,"template":"","format":"standard","meta":[],"categories":[15,7,16,17],"tags":[],"_links":{"self":[{"href":"https:\/\/signal.eu.org\/blog\/wp-json\/wp\/v2\/posts\/1141"}],"collection":[{"href":"https:\/\/signal.eu.org\/blog\/wp-json\/wp\/v2\/posts"}],"about":[{"href":"https:\/\/signal.eu.org\/blog\/wp-json\/wp\/v2\/types\/post"}],"author":[{"embeddable":true,"href":"https:\/\/signal.eu.org\/blog\/wp-json\/wp\/v2\/users\/1"}],"replies":[{"embeddable":true,"href":"https:\/\/signal.eu.org\/blog\/wp-json\/wp\/v2\/comments?post=1141"}],"version-history":[{"count":1,"href":"https:\/\/signal.eu.org\/blog\/wp-json\/wp\/v2\/posts\/1141\/revisions"}],"predecessor-version":[{"id":1321,"href":"https:\/\/signal.eu.org\/blog\/wp-json\/wp\/v2\/posts\/1141\/revisions\/1321"}],"wp:attachment":[{"href":"https:\/\/signal.eu.org\/blog\/wp-json\/wp\/v2\/media?parent=1141"}],"wp:term":[{"taxonomy":"category","embeddable":true,"href":"https:\/\/signal.eu.org\/blog\/wp-json\/wp\/v2\/categories?post=1141"},{"taxonomy":"post_tag","embeddable":true,"href":"https:\/\/signal.eu.org\/blog\/wp-json\/wp\/v2\/tags?post=1141"}],"curies":[{"name":"wp","href":"https:\/\/api.w.org\/{rel}","templated":true}]}}