{"id":1702,"date":"2020-03-17T22:35:59","date_gmt":"2020-03-17T20:35:59","guid":{"rendered":"https:\/\/signal.eu.org\/blog\/?p=1702"},"modified":"2020-03-18T04:04:27","modified_gmt":"2020-03-18T02:04:27","slug":"restez-chez-vous","status":"publish","type":"post","link":"https:\/\/signal.eu.org\/blog\/2020\/03\/17\/restez-chez-vous\/","title":{"rendered":"Restez chez vous !"},"content":{"rendered":"\n<div class=\"twitter-share\"><a href=\"https:\/\/twitter.com\/intent\/tweet?via=pbeyssac\" class=\"twitter-share-button\">Tweet<\/a><\/div>\n\n<p>Hier, le pr\u00e9sident a expliqu\u00e9 &#8212; \u00e0 nouveau &#8212; qu&#8217;il \u00e9tait important de rester chez nous pour ralentir au maximum la diffusion du virus covid-19 ; et a mis en place de nouvelles mesures pour d\u00e9courager les d\u00e9placements inutiles, les annonces pr\u00e9c\u00e9dentes n&#8217;ayant gu\u00e8re \u00e9t\u00e9 suivies d&#8217;effets.<\/p>\n\n\n\n<p>Pourquoi ralentir au maximum la diffusion ? Parce que le virus, peu virulent d&#8217;ordinaire, peut \u00eatre dangereux pour des personnes vuln\u00e9rables, affichant un taux de mortalit\u00e9 sup\u00e9rieur \u00e0 la grippe saisonni\u00e8re. Surtout, sa diffusion &#8212; m\u00eame lente &#8212; a toutes les chances de provoquer l&#8217;engorgement des h\u00f4pitaux, rendant ainsi impossible de prodiguer \u00e0 tous les cas graves les soins dont ils ont besoin. C&#8217;est d\u00e9j\u00e0 le cas en Italie, cela commence \u00e0 \u00eatre vrai en France.<\/p>\n\n\n\n<p>Plus la diffusion est lente, plus le pic \u00e0 supporter par les h\u00f4pitaux sera r\u00e9duit. Personne ne sait l&#8217;ampleur de celui-ci, c&#8217;est \u00e0 dire, la fa\u00e7on dont devraient \u00eatre dimensionn\u00e9s les h\u00f4pitaux. C&#8217;est pourquoi les autorit\u00e9s de sant\u00e9 nous demandent de d\u00e9ployer tous nos efforts pour limiter la propagation. C&#8217;est pourquoi on nous demande \u00e9galement de rester chez nous et de ne pas diffuser le virus dans tout le pays. Ce n&#8217;est pas juste pour nous ; c&#8217;est surtout pour \u00e9pargner les malades les plus vuln\u00e9rables.<\/p>\n\n\n\n<p>Actuellement, d&#8217;apr\u00e8s les statistiques disponibles dans les pays europ\u00e9ens, le virus touche chaque jour 30 % suppl\u00e9mentaires de la population. Autrement dit, la population infect\u00e9e double tous les 3 jours. Doubler les capacit\u00e9s des h\u00f4pitaux ne donnerait que 3 jours de r\u00e9pit ; les quadrupler, 6 jours de r\u00e9pit. Cela ne peut \u00eatre suffisant, m\u00eame dans un monde id\u00e9al o\u00f9 nous en aurions le temps mat\u00e9riel.<\/p>\n\n\n\n<p>Petit retour en arri\u00e8re.<\/p>\n\n\n\n<p>En janvier 2020 lors d&#8217;un voyage aux \u00c9tats-Unis, j&#8217;attrape un gros rhume qui d\u00e9g\u00e9n\u00e8re. Environ 15 jours de rhume, fatigue, toux, fi\u00e8vre, maux de t\u00eate et de gorge : \u00ab syndrome grippal \u00bb. 3 jours plus difficiles au milieu. Rien d&#8217;agr\u00e9able, mais je n&#8217;y ai pas port\u00e9 beaucoup d&#8217;attention, hors l&#8217;envie d&#8217;en sortir. J&#8217;ai suppos\u00e9 que j&#8217;avais pris froid lors de mes visites en plein air.<\/p>\n\n\n\n<p>C&#8217;\u00e9tait 6 jours apr\u00e8s l&#8217;avion de Paris \u00e0 San Francisco via Amsterdam. Des heures dans deux avions, 3 a\u00e9roports bond\u00e9s et autant de files de s\u00e9curit\u00e9, douane, bagages. Autant d&#8217;occasions d&#8217;attraper ce virus, d&#8217;autant que je n&#8217;ai pas pris de pr\u00e9caution particuli\u00e8re, en l&#8217;absence de recommandations sanitaires \u00e0 ce stade en France. Au retour, l&#8217;h\u00f4tesse me dira : \u00ab cette toux-l\u00e0, je l&#8217;entends sans arr\u00eat \u00bb.<\/p>\n\n\n\n<p>L&#8217;infection est disparue comme elle est venue, comme un rhume. En voyage touristique, je n&#8217;avais pas l&#8217;intention de perdre du temps chez un m\u00e9decin, et particuli\u00e8rement pas aux \u00c9tats-Unis. J&#8217;ai trouv\u00e9 les m\u00e9dicaments courants dont j&#8217;ai l&#8217;habitude pour apaiser fi\u00e8vre et maux de t\u00eate. J&#8217;\u00e9tais heureux que cela suffise.<\/p>\n\n\n\n<p>Une semaine apr\u00e8s mon retour en France, je me retrouve quelques jours \u00e0 l&#8217;h\u00f4pital en Haute-Savoie, apr\u00e8s le 12 f\u00e9vrier, suite \u00e0 une fracture de la hanche. C&#8217;est ici que se terminera totalement ma toux.<\/p>\n\n\n\n<p>Un mois apr\u00e8s mon retour, j&#8217;apprends qu&#8217;un autre proche a \u00e9galement \u00e9t\u00e9 malade. Je plaisante en lui demandant s&#8217;il n&#8217;aurait pas eu ce fameux covid-19. Il pense plut\u00f4t avoir attrap\u00e9 mon rhume. C&#8217;est possible, malgr\u00e9 une dur\u00e9e d&#8217;incubation de plusieurs semaines. Ses sympt\u00f4mes sont tr\u00e8s similaires.<\/p>\n\n\n\n<p>Puis je lis que le ministre de la culture, Franck Riester, a \u00e9t\u00e9 test\u00e9 positif au virus et qu&#8217;il a repris son activit\u00e9 apr\u00e8s 3 jours de maladie.<\/p>\n\n\n\n<p>C&#8217;est l\u00e0 que je commence \u00e0 me poser des questions. Dans mon esprit, marqu\u00e9 par les communications de panique sanitaire, le covid-19 \u00e9tait une maladie plus virulente et plus longue. Est-ce que, sans le r\u00e9aliser, j&#8217;aurais pu le subir en janvier ?<\/p>\n\n\n\n<p>Il m&#8217;est impossible de le savoir avec certitude. En France, les rares tests disponibles semblent r\u00e9serv\u00e9s aux cas graves et aux ministres.<\/p>\n\n\n\n<p>La semaine derni\u00e8re, une autre de mes proches est tomb\u00e9e malade. \u00ab Syndrome grippal \u00bb encore :  grosse fatigue, parfois un peu de fi\u00e8vre, maux de t\u00eate, un peu de toux. Cela semble aujourd&#8217;hui toucher \u00e0 sa fin.<\/p>\n\n\n\n<p>Nous avons contact\u00e9 les services sp\u00e9cialis\u00e9s qui nous dit que, sauf aggravation des sympt\u00f4mes, il suffisait d&#8217;attendre la fin de la maladie, en restant chez nous. Pas de test : les cas b\u00e9nins n&#8217;ont aucun traitement sp\u00e9cifique diff\u00e9rent de celui d&#8217;une simple grippe. Il est donc inutile de savoir s&#8217;il s&#8217;agit du covid-19.<\/p>\n\n\n\n<p>Combien sommes-nous dans un tel cas, \u00e0 \u00eatre potentiellement contamin\u00e9s, non r\u00e9pertori\u00e9s, et sans aucun moyen de le savoir ?<\/p>\n\n\n\n<p>Bien entendu, cette question est sans importance pratique, hors celle d&#8217;esp\u00e9rer une immunit\u00e9 personnelle dans les semaines qui suivent la gu\u00e9rison, nous permettant de nous all\u00e9ger l&#8217;esprit comme les protections.<\/p>\n\n\n\n<p>Mais combien sommes-nous, surtout, en l&#8217;absence de test, a avoir \u00e9t\u00e9 malades du covid-19 sans le comprendre, c&#8217;est \u00e0 dire sans prendre plus de pr\u00e9cautions que pour un simple rhume ou grippe ? Et avoir, donc, contribu\u00e9 \u00e0 diffuser la maladie qui a aujourd&#8217;hui ces cons\u00e9quences sans pr\u00e9c\u00e9dent ? Le port du masque est maintenant un r\u00e9flexe naturel pour prot\u00e9ger autrui &#8212; malheureusement, les masques sont indisponibles. Que dire de ceux qui, en masse, quittent les grandes villes, violant le confinement, pensant \u00e9chapper \u00e0 la maladie, mais ne r\u00e9alisant pas qu&#8217;ils l&#8217;ont peut-\u00eatre d\u00e9j\u00e0 et participent ainsi \u00e0 sa diffusion plus rapide ?<\/p>\n\n\n\n<p>La situation est sans pr\u00e9c\u00e9dent. Comment aurait-il fallu proc\u00e9der ? Il n&#8217;est pas ais\u00e9, m\u00eame pour les sp\u00e9cialistes de sant\u00e9, d&#8217;\u00e9valuer la dangerosit\u00e9 d&#8217;une maladie g\u00e9n\u00e9ralement b\u00e9nigne, lorsque sa gravit\u00e9 ne se r\u00e9v\u00e8le qu&#8217;\u00e0 tr\u00e8s grande \u00e9chelle.<\/p>\n\n\n\n<p>On aurait cependant pu supposer que les exemples chinois, puis italien plus proche de nous, auraient permis \u00e0 nos dirigeants comme \u00e0 nous de profiter de cette triste exp\u00e9rience anticip\u00e9e. Il n&#8217;en a rien \u00e9t\u00e9. D&#8217;autres pays, apr\u00e8s la France, sont en train de reproduire les m\u00eames erreurs, malgr\u00e9 les supplications des sp\u00e9cialistes en \u00e9pid\u00e9miologie.<\/p>\n\n\n\n<p>Mais il est \u00e9galement de la responsabilit\u00e9 de chacun de comprendre aujourd&#8217;hui la situation et de ne prendre \u00e0 la l\u00e9g\u00e8re, ni un gros rhume, ni les pr\u00e9cautions \u00e0 prendre pour \u00e9pargner autrui. Cela inclut le respect aussi strict que possible des instructions de confinement, sans attendre que le gouvernement soit contraint de d\u00e9ployer des moyens de plus en plus coercitifs.<\/p>\n\n\n\n<p>Nos gouvernants ne sont pas seuls responsables. Nous le sommes tous. Ils ont fait des erreurs. Nous aussi.  Faisons maintenant notre part.<\/p>\n\n\n\n<p>Cela n&#8217;a rien d&#8217;insurmontable : on nous demande tout simplement de rester chez nous.<\/p>\n","protected":false},"excerpt":{"rendered":"<p>Hier, le pr\u00e9sident a expliqu\u00e9 &#8212; \u00e0 nouveau &#8212; qu&#8217;il \u00e9tait important de rester chez nous pour ralentir au maximum la diffusion du virus covid-19 ; et a mis en place de nouvelles mesures pour d\u00e9courager les d\u00e9placements inutiles, les annonces pr\u00e9c\u00e9dentes n&#8217;ayant gu\u00e8re \u00e9t\u00e9 suivies d&#8217;effets. Pourquoi ralentir au maximum la diffusion ? Parce &hellip; <a href=\"https:\/\/signal.eu.org\/blog\/2020\/03\/17\/restez-chez-vous\/\" class=\"more-link\">Continue reading <span class=\"screen-reader-text\">Restez chez vous !<\/span> <span class=\"meta-nav\">&rarr;<\/span><\/a><\/p>\n","protected":false},"author":1,"featured_media":0,"comment_status":"open","ping_status":"open","sticky":false,"template":"","format":"standard","meta":[],"categories":[11,15],"tags":[],"_links":{"self":[{"href":"https:\/\/signal.eu.org\/blog\/wp-json\/wp\/v2\/posts\/1702"}],"collection":[{"href":"https:\/\/signal.eu.org\/blog\/wp-json\/wp\/v2\/posts"}],"about":[{"href":"https:\/\/signal.eu.org\/blog\/wp-json\/wp\/v2\/types\/post"}],"author":[{"embeddable":true,"href":"https:\/\/signal.eu.org\/blog\/wp-json\/wp\/v2\/users\/1"}],"replies":[{"embeddable":true,"href":"https:\/\/signal.eu.org\/blog\/wp-json\/wp\/v2\/comments?post=1702"}],"version-history":[{"count":15,"href":"https:\/\/signal.eu.org\/blog\/wp-json\/wp\/v2\/posts\/1702\/revisions"}],"predecessor-version":[{"id":1717,"href":"https:\/\/signal.eu.org\/blog\/wp-json\/wp\/v2\/posts\/1702\/revisions\/1717"}],"wp:attachment":[{"href":"https:\/\/signal.eu.org\/blog\/wp-json\/wp\/v2\/media?parent=1702"}],"wp:term":[{"taxonomy":"category","embeddable":true,"href":"https:\/\/signal.eu.org\/blog\/wp-json\/wp\/v2\/categories?post=1702"},{"taxonomy":"post_tag","embeddable":true,"href":"https:\/\/signal.eu.org\/blog\/wp-json\/wp\/v2\/tags?post=1702"}],"curies":[{"name":"wp","href":"https:\/\/api.w.org\/{rel}","templated":true}]}}