{"id":2468,"date":"2022-05-14T23:25:53","date_gmt":"2022-05-14T21:25:53","guid":{"rendered":"https:\/\/signal.eu.org\/blog\/?p=2468"},"modified":"2022-05-14T23:30:22","modified_gmt":"2022-05-14T21:30:22","slug":"comment-je-suis-entre-place-beauvau","status":"publish","type":"post","link":"https:\/\/signal.eu.org\/blog\/2022\/05\/14\/comment-je-suis-entre-place-beauvau\/","title":{"rendered":"Comment je suis entr\u00e9 place Beauvau"},"content":{"rendered":"\n<div class=\"twitter-share\"><a href=\"https:\/\/twitter.com\/intent\/tweet?via=pbeyssac\" class=\"twitter-share-button\">Tweet<\/a><\/div>\n\n<p>Rassurez-vous, je ne suis pas &#8212; pas encore &#8212; ministre de l&#8217;Int\u00e9rieur.<\/p>\n\n\n\n<p>Ce billet est une r\u00e9\u00e9criture rapide d&#8217;un <a href=\"https:\/\/twitter.com\/pbeyssac\/status\/1525421704868241409\">fil que j&#8217;ai fait sur Twitter<\/a> sur la question, veuillez pardonner le style informel voire t\u00e9l\u00e9graphique.<\/p>\n\n\n\n<p>Il s&#8217;agissait simplement de d\u00e9poser les candidatures du <a href=\"https:\/\/partipirate.org\/\">Parti Pirate<\/a> dans les circonscriptions des fran\u00e7ais \u00e9tablis \u00e0 l&#8217;\u00e9tranger pour les l\u00e9gislatives 2022. J&#8217;avais pour cela pris rendez-vous en ligne suivant la proc\u00e9dure expliqu\u00e9e <a href=\"https:\/\/www.interieur.gouv.fr\/actualites\/actu-du-ministere\/depot-des-candidatures-aux-elections-des-deputes-des-francais-de\">ici<\/a> :<\/p>\n\n\n\n<figure class=\"wp-block-image size-full is-resized\"><a href=\"https:\/\/signal.eu.org\/blog\/wp-content\/uploads\/2022\/05\/image.png\"><img decoding=\"async\" loading=\"lazy\" src=\"https:\/\/signal.eu.org\/blog\/wp-content\/uploads\/2022\/05\/image.png\" alt=\"\" class=\"wp-image-2469\" width=\"840\" height=\"711\" srcset=\"https:\/\/signal.eu.org\/blog\/wp-content\/uploads\/2022\/05\/image.png 843w, https:\/\/signal.eu.org\/blog\/wp-content\/uploads\/2022\/05\/image-300x254.png 300w, https:\/\/signal.eu.org\/blog\/wp-content\/uploads\/2022\/05\/image-768x650.png 768w\" sizes=\"(max-width: 840px) 100vw, 840px\" \/><\/a><figcaption>copie d&#8217;\u00e9cran du site du minist\u00e8re<\/figcaption><\/figure>\n\n\n\n<p><\/p>\n\n\n\n<p>Tout a commenc\u00e9 par \u00ab Pierre, tu habites \u00e0 Paris, tu pourrais aller \u00e0 Beauvau d\u00e9poser les dossiers de candidats de circonscriptions de l&#8217;\u00e9tranger  ? \u00bb. Tel l&#8217;agneau qui vient de na\u00eetre, pensant que \u00e7a prendrait 4-8h : \u00ab oh oui, bien entendu \u00bb.<\/p>\n\n\n\n<p>Je pensais aussi que c&#8217;\u00e9tait la semaine d&#8217;apr\u00e8s (16-20 mai) comme pour les candidatures sur le territoire national. \u00ab  Alors non, date de cl\u00f4ture 13 mai 18h \u00bb. Il est conseill\u00e9 de prendre rendez-vous en ligne.<\/p>\n\n\n\n<p>Dimanche dernier, je me renseigne sur les pi\u00e8ces \u00e0 fournir \u00e0 Beauvau. Je vois qu&#8217;il y en a un monceau et je commence \u00e0 solliciter des originaux pour les cas o\u00f9 il en faut, en prenant en compte les d\u00e9lais postaux. Ce n&#8217;est pas super clair quand on ne conna\u00eet pas, et m\u00eame quand on conna\u00eet.<\/p>\n\n\n\n<p>Ainsi, la d\u00e9claration de candidature doit \u00eatre un original sign\u00e9 du candidat, mais son suppl\u00e9ant doit fournir un formulaire similaire avec une mention &#8220;manuscrite&#8221; tr\u00e8s longue. Que veut dire &#8220;manuscrite&#8221;, manuscrite sur la feuille \u00e0 donner (donc original), ou manuscrite en apparence (donc copie permise) ? Suspense&#8230;<\/p>\n\n\n\n<p>La question a son importance, car quand on doit faire venir des originaux de l&#8217;autre bout de la plan\u00e8te (les candidats pour les circonscriptions de l&#8217;\u00e9tranger r\u00e9sident souvent&#8230; \u00e0 l&#8217;\u00e9tranger) il faut s&#8217;y prendre un peu \u00e0 l&#8217;avance. On avait donc demand\u00e9 \u00e0 nos candidats d&#8217;exp\u00e9dier les papiers n\u00e9cessaires \u00e0 Paris.<\/p>\n\n\n\n<p>Nous avons eu des courriers re\u00e7us \u00e0 J+1 ou J+2 venant de France, et m\u00eame un miracle : courrier arriv\u00e9 de Prague \u00e0 Paris \u00e0 J+2. En revanche un op\u00e9rateur courrier &#8220;J+1&#8221; Belgique -> France nous a explos\u00e9 les d\u00e9lais (mouvement social), \u00e0 J+3 les papiers ne sont toujours pas arriv\u00e9s.<\/p>\n\n\n\n<p>Je m&#8217;\u00e9tais constitu\u00e9 une petite checklist pour pr\u00e9parer tout \u00e7a le circonscription par circonscription. J&#8217;ai d\u00e9couvert apr\u00e8s que Beauvau avait une checklist tr\u00e8s similaire mais bien plus compl\u00e8te, qui incluait les points \u00e0 v\u00e9rifier sur chaque document fourni.<\/p>\n\n\n\n<p>J&#8217;avais donc pr\u00e9par\u00e9 :<\/p>\n\n\n\n<ul><li>d\u00e9claration de candidature original+copie<\/li><li>mandat du candidat au d\u00e9posant (inclus dans la pr\u00e9c\u00e9dente)<\/li><li>d\u00e9claration du suppl\u00e9ant : elle dispose d&#8217;une mention manuscrite longue, plus compliqu\u00e9e que pour le candidat&#8230;<\/li><li>copie des pi\u00e8ces d&#8217;identit\u00e9 candidat + suppl\u00e9ant + mandataire<\/li><li>preuves d&#8217;inscriptions sur les listes \u00e9lectorales du candidat et du suppl\u00e9ant : elles s&#8217;obtiennent <a href=\"https:\/\/www.service-public.fr\/particuliers\/vosdroits\/R51788\">en ligne en 30 secondes<\/a> mais il faut avoir les informations pr\u00e9cises d&#8217;\u00e9tat civil et la commune de vote<\/li><li>d\u00e9claration de rattachement du candidat \u00e0 un parti et \u00e0 la campagne audiovisuelle<\/li><li>pi\u00e8ces prouvant la d\u00e9claration du mandataire financier (r\u00e9c\u00e9piss\u00e9 de la pr\u00e9fecture) <em>ou<\/em> pi\u00e8ces n\u00e9cessaires \u00e0 celle-ci [d\u00e9claration sign\u00e9e + pi\u00e8ce d&#8217;identit\u00e9], on y reviendra plus loin.<\/li><\/ul>\n\n\n\n<p>Le probl\u00e8me s&#8217;est donc pos\u00e9 de savoir si la d\u00e9claration du suppl\u00e9ant devait \u00eatre sous forme originale, ou si une copie \u00e9tait accept\u00e9e. Le service des \u00e9lections fournit un num\u00e9ro de t\u00e9l\u00e9phone sur sa page web, tr\u00e8s disponible, ce qui m&#8217;a permis de demander vers 11h30 (presque au dernier moment, donc) si &#8220;manuscrit&#8221; voulait dire &#8220;original&#8221; ou &#8220;\u00e9crit \u00e0 la main et scann\u00e9&#8221;. La r\u00e9ponse 2, &#8220;tol\u00e9r\u00e9&#8221;, nous a beaucoup simplifi\u00e9 la vie.<\/p>\n\n\n\n<p>Au vu de la checklist, \u00e0 12h55 &#8212; l&#8217;heure th\u00e9orique de mon d\u00e9part &#8212; j&#8217;avais encore quelques documents manquants, et je voulais \u00e9viter de planter des candidatures sur un oubli, donc j&#8217;ai \u00e9chang\u00e9 \u00e0 fond avec les assesseurs Pirates par Internet, qui avaient d\u00e9j\u00e0 pr\u00e9par\u00e9 plein de documents, pour r\u00e9cup\u00e9rer les morceaux manquants.<\/p>\n\n\n\n<p>Je suis parti avec 3 dossiers qui sont les seuls que j&#8217;ai eu le temps de boucler. Une 4e circonscription est malheureusement pass\u00e9e \u00e0 la trappe faute de temps pour en imprimer et v\u00e9rifier les papiers.<\/p>\n\n\n\n<p>Finalement, je suis parti \u00e0 13h06 \u00e0 v\u00e9lo du 13e arrondissement pour un rendez-vous \u00e0 13h30 \u00e0 Beauvau. Inutile de dire que je n&#8217;\u00e9tais pas \u00e0 l&#8217;heure et que j&#8217;ai effectu\u00e9 une interpr\u00e9tation cr\u00e9ative de la signalisation tricolore. Je posais mon v\u00e9lo \u00e0 13h31 place des Saussaies et j&#8217;avais encore la s\u00e9curit\u00e9 du site \u00e0 passer.<\/p>\n\n\n\n<p>\u00c0 Beauvau, sans grande surprise, l&#8217;entr\u00e9e est soumise \u00e0 un contr\u00f4le de s\u00e9curit\u00e9 type a\u00e9roport (portique) et il faut laisser une pi\u00e8ce d&#8217;identit\u00e9 \u00e0 l&#8217;entr\u00e9e. Il faut donc venir avec 2 pi\u00e8ces pour montrer l&#8217;autre au service des \u00e9lections. Mais tout cela est tr\u00e8s bien expliqu\u00e9 dans les instructions.<\/p>\n\n\n\n<p>Et une fois au service des \u00e9lections, petite attente dans un des fauteuils en cuir du couloir, avec une vue imprenable sur le parquet et le c\u00e2ble de l&#8217;imprimante. J&#8217;ai pu discuter avec un autre d\u00e9posant, suppl\u00e9ant pour une candidate r\u00e9sidant en Suisse.<\/p>\n\n\n\n<figure class=\"wp-block-image size-large\"><a href=\"https:\/\/signal.eu.org\/blog\/wp-content\/uploads\/2022\/05\/beauvau.jpg\"><img decoding=\"async\" loading=\"lazy\" width=\"768\" height=\"1024\" src=\"https:\/\/signal.eu.org\/blog\/wp-content\/uploads\/2022\/05\/beauvau-768x1024.jpg\" alt=\"\" class=\"wp-image-2473\" srcset=\"https:\/\/signal.eu.org\/blog\/wp-content\/uploads\/2022\/05\/beauvau-768x1024.jpg 768w, https:\/\/signal.eu.org\/blog\/wp-content\/uploads\/2022\/05\/beauvau-225x300.jpg 225w, https:\/\/signal.eu.org\/blog\/wp-content\/uploads\/2022\/05\/beauvau-1152x1536.jpg 1152w, https:\/\/signal.eu.org\/blog\/wp-content\/uploads\/2022\/05\/beauvau.jpg 1536w\" sizes=\"(max-width: 768px) 100vw, 768px\" \/><\/a><\/figure>\n\n\n\n<p>Le rendez-vous s&#8217;est tr\u00e8s bien pass\u00e9, de mani\u00e8re d\u00e9tendue, beaucoup moins stressante que je l&#8217;imaginais. Les papiers \u00e9taient presque corrects, il manquait juste une copie de pi\u00e8ce d&#8217;identit\u00e9 que j&#8217;ai pu faire parvenir par mail gr\u00e2ce \u00e0 la r\u00e9activit\u00e9 des Pirates.<\/p>\n\n\n\n<p>La mention &#8220;r\u00e9c\u00e9piss\u00e9 de d\u00e9claration du mandataire financier ou pi\u00e8ces n\u00e9cessaires pour sa d\u00e9claration&#8221; semblait myst\u00e9rieuse. Elle laissait entendre qu&#8217;on pouvait effectuer la d\u00e9claration de mandataire <em>apr\u00e8s<\/em> la d\u00e9claration de candidature : pas du tout. Le mandataire doit \u00eatre d\u00e9clar\u00e9 avant la candidature. Mais si ce n&#8217;est pas le cas, le service \u00e9lections, dans sa grande sagesse, s&#8217;en charge si on lui fournit les pi\u00e8ces, ce qui nous \u00e9vite un rendez-vous suppl\u00e9mentaire pr\u00e9alable \u00e0 la pr\u00e9fecture.<\/p>\n\n\n\n<p>J&#8217;ai re\u00e7u un r\u00e9c\u00e9piss\u00e9 provisoire de d\u00e9claration de candidature pour chacune des 3 circonscriptions. Comme je sais que vous adorez les papiers administratifs tamponn\u00e9s, voici \u00e0 quoi il ressemble :<\/p>\n\n\n\n<figure class=\"wp-block-image size-large\"><a href=\"https:\/\/signal.eu.org\/blog\/wp-content\/uploads\/2022\/05\/image-1.png\"><img decoding=\"async\" loading=\"lazy\" width=\"768\" height=\"1024\" src=\"https:\/\/signal.eu.org\/blog\/wp-content\/uploads\/2022\/05\/image-1-768x1024.png\" alt=\"\" class=\"wp-image-2470\" srcset=\"https:\/\/signal.eu.org\/blog\/wp-content\/uploads\/2022\/05\/image-1-768x1024.png 768w, https:\/\/signal.eu.org\/blog\/wp-content\/uploads\/2022\/05\/image-1-225x300.png 225w, https:\/\/signal.eu.org\/blog\/wp-content\/uploads\/2022\/05\/image-1-1152x1536.png 1152w, https:\/\/signal.eu.org\/blog\/wp-content\/uploads\/2022\/05\/image-1.png 1536w\" sizes=\"(max-width: 768px) 100vw, 768px\" \/><\/a><\/figure>\n\n\n\n<p><\/p>\n\n\n\n<p>J&#8217;ai \u00e9galement re\u00e7u ce papier \u00e9tabli par l&#8217;Int\u00e9rieur indiquant la r\u00e9partition pr\u00e9d\u00e9sign\u00e9e des partis.  En France, le minist\u00e8re de l&#8217;Int\u00e9rieur d\u00e9cide si un parti est de gauche ou de droite. Je ne sais pas comment sera class\u00e9 le Parti Pirate.<\/p>\n\n\n\n<figure class=\"wp-block-image size-large\"><a href=\"https:\/\/signal.eu.org\/blog\/wp-content\/uploads\/2022\/05\/image-2.png\"><img decoding=\"async\" loading=\"lazy\" width=\"768\" height=\"1024\" src=\"https:\/\/signal.eu.org\/blog\/wp-content\/uploads\/2022\/05\/image-2-768x1024.png\" alt=\"\" class=\"wp-image-2471\" srcset=\"https:\/\/signal.eu.org\/blog\/wp-content\/uploads\/2022\/05\/image-2-768x1024.png 768w, https:\/\/signal.eu.org\/blog\/wp-content\/uploads\/2022\/05\/image-2-225x300.png 225w, https:\/\/signal.eu.org\/blog\/wp-content\/uploads\/2022\/05\/image-2-1152x1536.png 1152w, https:\/\/signal.eu.org\/blog\/wp-content\/uploads\/2022\/05\/image-2.png 1536w\" sizes=\"(max-width: 768px) 100vw, 768px\" \/><\/a><\/figure>\n\n\n\n<p>Et enfin, les horaires des tirages au sort le soir m\u00eame concernant l&#8217;ordre de citation des partis dans chaque circonscription. En l&#8217;absence de petits fours, et ayant d\u00e9j\u00e0 d&#8217;autres engagements, j&#8217;ai choisi de ne pas y assister.<\/p>\n\n\n\n<figure class=\"wp-block-image size-large\"><a href=\"https:\/\/signal.eu.org\/blog\/wp-content\/uploads\/2022\/05\/image-3.png\"><img decoding=\"async\" loading=\"lazy\" width=\"768\" height=\"1024\" src=\"https:\/\/signal.eu.org\/blog\/wp-content\/uploads\/2022\/05\/image-3-768x1024.png\" alt=\"\" class=\"wp-image-2472\" srcset=\"https:\/\/signal.eu.org\/blog\/wp-content\/uploads\/2022\/05\/image-3-768x1024.png 768w, https:\/\/signal.eu.org\/blog\/wp-content\/uploads\/2022\/05\/image-3-225x300.png 225w, https:\/\/signal.eu.org\/blog\/wp-content\/uploads\/2022\/05\/image-3-1152x1536.png 1152w, https:\/\/signal.eu.org\/blog\/wp-content\/uploads\/2022\/05\/image-3.png 1536w\" sizes=\"(max-width: 768px) 100vw, 768px\" \/><\/a><\/figure>\n\n\n\n<p>\u00e0 suivre&#8230;<\/p>\n\n\n\n<p><\/p>\n\n\n\n<p><\/p>\n\n\n\n<p><\/p>\n","protected":false},"excerpt":{"rendered":"<p>Rassurez-vous, je ne suis pas &#8212; pas encore &#8212; ministre de l&#8217;Int\u00e9rieur. Ce billet est une r\u00e9\u00e9criture rapide d&#8217;un fil que j&#8217;ai fait sur Twitter sur la question, veuillez pardonner le style informel voire t\u00e9l\u00e9graphique. Il s&#8217;agissait simplement de d\u00e9poser les candidatures du Parti Pirate dans les circonscriptions des fran\u00e7ais \u00e9tablis \u00e0 l&#8217;\u00e9tranger pour les &hellip; <a href=\"https:\/\/signal.eu.org\/blog\/2022\/05\/14\/comment-je-suis-entre-place-beauvau\/\" class=\"more-link\">Continue reading <span class=\"screen-reader-text\">Comment je suis entr\u00e9 place Beauvau<\/span> <span class=\"meta-nav\">&rarr;<\/span><\/a><\/p>\n","protected":false},"author":1,"featured_media":0,"comment_status":"open","ping_status":"open","sticky":false,"template":"","format":"standard","meta":[],"categories":[32,15,31],"tags":[28,29],"_links":{"self":[{"href":"https:\/\/signal.eu.org\/blog\/wp-json\/wp\/v2\/posts\/2468"}],"collection":[{"href":"https:\/\/signal.eu.org\/blog\/wp-json\/wp\/v2\/posts"}],"about":[{"href":"https:\/\/signal.eu.org\/blog\/wp-json\/wp\/v2\/types\/post"}],"author":[{"embeddable":true,"href":"https:\/\/signal.eu.org\/blog\/wp-json\/wp\/v2\/users\/1"}],"replies":[{"embeddable":true,"href":"https:\/\/signal.eu.org\/blog\/wp-json\/wp\/v2\/comments?post=2468"}],"version-history":[{"count":4,"href":"https:\/\/signal.eu.org\/blog\/wp-json\/wp\/v2\/posts\/2468\/revisions"}],"predecessor-version":[{"id":2477,"href":"https:\/\/signal.eu.org\/blog\/wp-json\/wp\/v2\/posts\/2468\/revisions\/2477"}],"wp:attachment":[{"href":"https:\/\/signal.eu.org\/blog\/wp-json\/wp\/v2\/media?parent=2468"}],"wp:term":[{"taxonomy":"category","embeddable":true,"href":"https:\/\/signal.eu.org\/blog\/wp-json\/wp\/v2\/categories?post=2468"},{"taxonomy":"post_tag","embeddable":true,"href":"https:\/\/signal.eu.org\/blog\/wp-json\/wp\/v2\/tags?post=2468"}],"curies":[{"name":"wp","href":"https:\/\/api.w.org\/{rel}","templated":true}]}}