{"id":291,"date":"2009-12-08T09:23:27","date_gmt":"2009-12-08T08:23:27","guid":{"rendered":"http:\/\/signal.eu.org\/blog\/?p=291"},"modified":"2009-12-08T09:23:27","modified_gmt":"2009-12-08T08:23:27","slug":"beurre-et-argent-du-beurre","status":"publish","type":"post","link":"https:\/\/signal.eu.org\/blog\/2009\/12\/08\/beurre-et-argent-du-beurre\/","title":{"rendered":"Beurre et argent du beurre"},"content":{"rendered":"\n<div class=\"twitter-share\"><a href=\"https:\/\/twitter.com\/intent\/tweet?via=pbeyssac\" class=\"twitter-share-button\">Tweet<\/a><\/div>\n<p><a href=\"http:\/\/www.lemonde.fr\/technologies\/article\/2009\/12\/04\/une-contribution-d-un-euro-sur-les-abonnements-a-internet-pour-la-musique_1276385_651865.html\">Une &#8220;contribution&#8221; de 1 euro sur les abonnements \u00e0 Internet pour la musique ?<\/a><\/p>\n<blockquote><p><span>L<\/span>a <a href=\"http:\/\/www.sacem.fr\/WportailSacem\/jsp\/ep\/home.html\" target=\"_blank\">Sacem <\/a>et l&#8217;<a href=\"http:\/\/www.adami.fr\/\" target=\"_blank\">Adami<\/a>, les deux principaux organismes qui g\u00e8rent les droits des musiciens en France, se sont mis d&#8217;accord pour demander la cr\u00e9ation d&#8217;une nouvelle &#8220;contribution&#8221;, pr\u00e9lev\u00e9e sur les abonnements \u00e0 Internet. Cette taxe est n\u00e9cessaire, jugent les organisations, pour compenser les pertes subies par l&#8217;industrie musicale depuis le d\u00e9but des ann\u00e9es 2000, que la Sacem estime \u00e0 750 millions d&#8217;euros depuis 2003.<\/p>\n<p>[&#8230;]<\/p>\n<p><em>&#8220;Sur le principe, nous ne sommes pas d&#8217;accord : pour nous, cela revient \u00e0 envoyer un signal qui dit : <\/em>&#8216;c&#8217;est interdit de pirater mais vous payez pour le piratage.&#8217; <em>Cela ne viendrait \u00e0 l&#8217;id\u00e9e de personne d&#8217;instaurer, par exemple, une taxe sur la drogue !<\/em><em>&#8220;<\/em>, d\u00e9clare David El Sayegh, le directeur du SNEP. Bruno Boutleux, le directeur de l&#8217;Adami, pr\u00e9f\u00e8re utiliser une autre m\u00e9taphore : <em>&#8220;C&#8217;est plut\u00f4t comme l&#8217;\u00e9co-participation : ce n&#8217;est pas parce que je la paie quand j&#8217;ach\u00e8te un s\u00e8che-cheveux que cela me donne le droit de le jeter dans une for\u00eat. <\/em><em>En aucun cas il ne s&#8217;agit d&#8217;une licence globale.&#8221;<\/em><\/p><\/blockquote>\n<p>Apr\u00e8s la bonne vieille taxe CD suppos\u00e9e compenser le piratage sans le l\u00e9galiser, qui subsiste bien qu&#8217;elle ait \u00e9t\u00e9 <a href=\"http:\/\/www.zdnet.fr\/actualites\/internet\/0,39020774,39711305,00.htm\">jug\u00e9e ill\u00e9gale<\/a> (en termes juridiques on appelle cela du recel), voici une proposition de nouvelle taxe toujours suppos\u00e9e compenser le piratage, toujours sans le l\u00e9galiser.<\/p>\n","protected":false},"excerpt":{"rendered":"<p>Une &#8220;contribution&#8221; de 1 euro sur les abonnements \u00e0 Internet pour la musique ? La Sacem et l&#8217;Adami, les deux principaux organismes qui g\u00e8rent les droits des musiciens en France, se sont mis d&#8217;accord pour demander la cr\u00e9ation d&#8217;une nouvelle &#8220;contribution&#8221;, pr\u00e9lev\u00e9e sur les abonnements \u00e0 Internet. Cette taxe est n\u00e9cessaire, jugent les organisations, pour &hellip; <a href=\"https:\/\/signal.eu.org\/blog\/2009\/12\/08\/beurre-et-argent-du-beurre\/\" class=\"more-link\">Continue reading <span class=\"screen-reader-text\">Beurre et argent du beurre<\/span> <span class=\"meta-nav\">&rarr;<\/span><\/a><\/p>\n","protected":false},"author":1,"featured_media":0,"comment_status":"open","ping_status":"open","sticky":false,"template":"","format":"standard","meta":[],"categories":[15],"tags":[],"_links":{"self":[{"href":"https:\/\/signal.eu.org\/blog\/wp-json\/wp\/v2\/posts\/291"}],"collection":[{"href":"https:\/\/signal.eu.org\/blog\/wp-json\/wp\/v2\/posts"}],"about":[{"href":"https:\/\/signal.eu.org\/blog\/wp-json\/wp\/v2\/types\/post"}],"author":[{"embeddable":true,"href":"https:\/\/signal.eu.org\/blog\/wp-json\/wp\/v2\/users\/1"}],"replies":[{"embeddable":true,"href":"https:\/\/signal.eu.org\/blog\/wp-json\/wp\/v2\/comments?post=291"}],"version-history":[{"count":1,"href":"https:\/\/signal.eu.org\/blog\/wp-json\/wp\/v2\/posts\/291\/revisions"}],"predecessor-version":[{"id":292,"href":"https:\/\/signal.eu.org\/blog\/wp-json\/wp\/v2\/posts\/291\/revisions\/292"}],"wp:attachment":[{"href":"https:\/\/signal.eu.org\/blog\/wp-json\/wp\/v2\/media?parent=291"}],"wp:term":[{"taxonomy":"category","embeddable":true,"href":"https:\/\/signal.eu.org\/blog\/wp-json\/wp\/v2\/categories?post=291"},{"taxonomy":"post_tag","embeddable":true,"href":"https:\/\/signal.eu.org\/blog\/wp-json\/wp\/v2\/tags?post=291"}],"curies":[{"name":"wp","href":"https:\/\/api.w.org\/{rel}","templated":true}]}}