{"id":570,"date":"2010-12-02T13:13:52","date_gmt":"2010-12-02T12:13:52","guid":{"rendered":"http:\/\/signal.eu.org\/blog\/?p=570"},"modified":"2010-12-03T15:53:12","modified_gmt":"2010-12-03T14:53:12","slug":"ipv4-est-presque-mort","status":"publish","type":"post","link":"https:\/\/signal.eu.org\/blog\/2010\/12\/02\/ipv4-est-presque-mort\/","title":{"rendered":"IPv4 est presque mort"},"content":{"rendered":"\n<div class=\"twitter-share\"><a href=\"https:\/\/twitter.com\/intent\/tweet?via=pbeyssac\" class=\"twitter-share-button\">Tweet<\/a><\/div>\n<p>Les <a href=\"http:\/\/inetcore.com\/project\/ipv4ec\/index_fr.html\">statistiques d&#8217;\u00e9puisement des adresses IPv4 libres<\/a> indiquent actuellement 91 jours de \u00ab stock \u00bb dans les registres r\u00e9gionaux, soit un \u00e9puisement d\u00e9but mars 2011.<\/p>\n<p>En fait il s&#8217;agit d&#8217;un \u00e9puisement \u00ab au plus tard \u00bb car le rythme d&#8217;allocation a une nette tendance \u00e0 l&#8217;acc\u00e9l\u00e9ration : le 14 juillet 2010 (date m\u00e9morable du plantage de <a href=\"http:\/\/www.france.fr\/\">france.fr<\/a> le jour m\u00eame de son lancement), le compteur indiquait 365 jours soit un \u00e9puisement tombant le 14 juillet 2011.<\/p>\n<p><span style=\"text-decoration: line-through;\">Autrement dit, certains ont d\u00e9j\u00e0 commenc\u00e9 \u00e0 paniquer et stockent des adresses en douce<\/span>. <strong>Mise \u00e0 jour<\/strong> : St\u00e9phane Bortzmeyer me signale que la raison en est que 5 plages d&#8217;adresses n&#8217;avaient pas \u00e9t\u00e9 prises en compte dans les statistiques. <a href=\"http:\/\/www.domainnews.com\/en\/ipv4-addresses-almost-gone.html?utm_source=twitterfeed&amp;utm_medium=twitter\">Article plus d\u00e9taill\u00e9<\/a> signal\u00e9 sur Twitter par @nkgl.<\/p>\n<p>Le temps que les adresses des registres r\u00e9gionaux (continentaux) \u00ab percolent \u00bb jusqu&#8217;aux allocataires (les sites utilisateurs), il y aura environ un an de r\u00e9pit.<\/p>\n<p>Ensuite, les seules adresses faciles \u00e0 obtenir \u00e9tant les adresses IPv6, les premiers sites accessibles seulement en IPv6 commenceront \u00e0 appara\u00eetre.<\/p>\n<p>Autrement dit, il ne suffit pas d&#8217;avoir d\u00e9j\u00e0 sa petite adresse IPv4 pour se sentir non concern\u00e9. Internet va <em>in\u00e9vitablement<\/em> perdre pendant quelques ann\u00e9es sa connectivit\u00e9 compl\u00e8te, les in\u00e9vitables sites en IPv6-seul ne pourront plus joindre les sites en IPv4-seul tant que ces derniers ne seront pas pass\u00e9s \u00e0 IPv6 eux aussi. On peut simplement esp\u00e9rer que cette p\u00e9riode transitoire durera le moins longtemps possible. Il est probable que de nombreux vendeurs d&#8217;huile de serpent et de technologies de semi-transition plus ou moins bancales vont appara\u00eetre, dans la lign\u00e9e du bug \u00ab an 2000 \u00bb.<\/p>\n<p>J&#8217;invite les non-convaincus qui se disent que rien ne presse \u00e0 lire l&#8217;<a href=\"http:\/\/www.circleid.com\/posts\/ipv6_and_transitional_myths\/\">excellent article en anglais de Geoff Huston qui d\u00e9monte quelques mythes tenaces<\/a>..<\/p>\n","protected":false},"excerpt":{"rendered":"<p>Les statistiques d&#8217;\u00e9puisement des adresses IPv4 libres indiquent actuellement 91 jours de \u00ab stock \u00bb dans les registres r\u00e9gionaux, soit un \u00e9puisement d\u00e9but mars 2011. En fait il s&#8217;agit d&#8217;un \u00e9puisement \u00ab au plus tard \u00bb car le rythme d&#8217;allocation a une nette tendance \u00e0 l&#8217;acc\u00e9l\u00e9ration : le 14 juillet 2010 (date m\u00e9morable du plantage &hellip; <a href=\"https:\/\/signal.eu.org\/blog\/2010\/12\/02\/ipv4-est-presque-mort\/\" class=\"more-link\">Continue reading <span class=\"screen-reader-text\">IPv4 est presque mort<\/span> <span class=\"meta-nav\">&rarr;<\/span><\/a><\/p>\n","protected":false},"author":1,"featured_media":0,"comment_status":"open","ping_status":"open","sticky":false,"template":"","format":"standard","meta":[],"categories":[15,7,16],"tags":[],"_links":{"self":[{"href":"https:\/\/signal.eu.org\/blog\/wp-json\/wp\/v2\/posts\/570"}],"collection":[{"href":"https:\/\/signal.eu.org\/blog\/wp-json\/wp\/v2\/posts"}],"about":[{"href":"https:\/\/signal.eu.org\/blog\/wp-json\/wp\/v2\/types\/post"}],"author":[{"embeddable":true,"href":"https:\/\/signal.eu.org\/blog\/wp-json\/wp\/v2\/users\/1"}],"replies":[{"embeddable":true,"href":"https:\/\/signal.eu.org\/blog\/wp-json\/wp\/v2\/comments?post=570"}],"version-history":[{"count":7,"href":"https:\/\/signal.eu.org\/blog\/wp-json\/wp\/v2\/posts\/570\/revisions"}],"predecessor-version":[{"id":578,"href":"https:\/\/signal.eu.org\/blog\/wp-json\/wp\/v2\/posts\/570\/revisions\/578"}],"wp:attachment":[{"href":"https:\/\/signal.eu.org\/blog\/wp-json\/wp\/v2\/media?parent=570"}],"wp:term":[{"taxonomy":"category","embeddable":true,"href":"https:\/\/signal.eu.org\/blog\/wp-json\/wp\/v2\/categories?post=570"},{"taxonomy":"post_tag","embeddable":true,"href":"https:\/\/signal.eu.org\/blog\/wp-json\/wp\/v2\/tags?post=570"}],"curies":[{"name":"wp","href":"https:\/\/api.w.org\/{rel}","templated":true}]}}