{"id":860,"date":"2013-06-25T09:34:10","date_gmt":"2013-06-25T08:34:10","guid":{"rendered":"http:\/\/signal.eu.org\/blog\/?p=860"},"modified":"2013-06-25T11:57:51","modified_gmt":"2013-06-25T10:57:51","slug":"ftth-en-france-saison-6-du-rififi-chez-le-syndic-relance-du-dossier-et-reperage-v2","status":"publish","type":"post","link":"https:\/\/signal.eu.org\/blog\/2013\/06\/25\/ftth-en-france-saison-6-du-rififi-chez-le-syndic-relance-du-dossier-et-reperage-v2\/","title":{"rendered":"FTTH en France, saison 6 : du rififi chez le syndic, relance du dossier et rep\u00e9rage v2"},"content":{"rendered":"\n<div class=\"twitter-share\"><a href=\"https:\/\/twitter.com\/intent\/tweet?via=pbeyssac\" class=\"twitter-share-button\">Tweet<\/a><\/div>\n<p>(suite de la\u00a0 <a title=\"saison 5\" href=\"http:\/\/signal.eu.org\/blog\/2012\/12\/19\/installation-de-la-fibre-ftth-suite-de-la-saison-5\/\">saison 5<\/a>)<\/p>\n<p>Vous vous souvenez de l&#8217;\u00e9pisode pr\u00e9c\u00e9dent, o\u00f9 l&#8217;assembl\u00e9e g\u00e9n\u00e9rale de copropri\u00e9t\u00e9 avait vot\u00e9 la signature d&#8217;une convention avec un nouvel op\u00e9rateur d&#8217;immeuble, SFR.<\/p>\n<p>Ensuite, rien pendant pr\u00e8s de 6 mois.<\/p>\n<p>Jusqu&#8217;\u00e0 ce que j&#8221;entreprenne d&#8217;appeler, le 3 juin dernier, le syndic pour m&#8217;enqu\u00e9rir de l&#8217;avancement du dossier.<\/p>\n<p>Le responsable du suivi de l&#8217;immeuble ayant quitt\u00e9 le syndic, et les dossiers n&#8217;ayant pas \u00e9t\u00e9 transmis correctement \u00e0 son successeur, la convention fibre a \u00e9t\u00e9 enterr\u00e9e ou perdue, bref, oubli\u00e9e jusqu&#8217;\u00e0 ce que je m&#8217;en inqui\u00e8te.<\/p>\n<p>Apr\u00e8s quelques jours d&#8217;attente sans nouvelle, j&#8217;ai d\u00fb passer en mode &#8220;harc\u00e8lement&#8221;, c&#8217;est \u00e0 dire en gros 4 relances t\u00e9l\u00e9phoniques et 2 emails pour obtenir une r\u00e9ponse. Le syndic a fini par recontacter SFR pour r\u00e9cup\u00e9rer un nouveau contrat, le remplir, le signer et l&#8217;envoyer.<\/p>\n<p>J&#8217;ai alors pris soin de donner mon num\u00e9ro de t\u00e9l\u00e9phone portable au syndic en lui disant que je prenais tout en charge pour les visites. Pour le dire moins diplomatiquement : faire ce qui th\u00e9oriquement rel\u00e8ve de son boulot. Curieusement, cela semble avoir acc\u00e9l\u00e9r\u00e9 les op\u00e9rations. C&#8217;\u00e9tait bien le but.<\/p>\n<p>C&#8217;est donc hier 24 juin que je re\u00e7ois, impromptu, un coup de fil d&#8217;une des entreprises responsables pour SFR des visites de rep\u00e9rage avant pose de la fibre, qui me proposait de passer <em>imm\u00e9diatement<\/em>, 20 \u00e0 30 minutes plus tard. Inutile de dire qu&#8217;apr\u00e8s 5 ans d&#8217;attente, on fait tout pour ne pas louper un tel rendez-vous. Par chance cela tombait dans mes horaires de disponibilit\u00e9.<\/p>\n<p>En quoi consiste une visite de rep\u00e9rage ?<\/p>\n<p>&#8211; passer en revue, immeuble par immeuble et \u00e9tage par \u00e9tage, le nombre d&#8217;appartements \u00e0 desservir et l&#8217;emplacement des placards et gaines techniques (principalement courants faibles : t\u00e9l\u00e9coms et c\u00e2ble t\u00e9l\u00e9vision) pour y poser le c\u00e2blage vertical fibre et les raccordements vers les appartements, et r\u00e9aliser des sch\u00e9mas succincts de chaque pallier : couloir, appartements, ascenseur, escalier, placards.<\/p>\n<p>&#8211; rep\u00e9rer au sous-sol les arriv\u00e9es eau, \u00e9gouts et\/ou France T\u00e9l\u00e9com pour identifier les points d&#8217;adduction (arriv\u00e9e des fibres depuis l&#8217;ext\u00e9rieur) existants et possibles ;<\/p>\n<p>&#8211; rep\u00e9rer les passages de c\u00e2bles existants ou \u00e0 poser pour pouvoir y installer de nouveaux c\u00e2bles reliant le point d&#8217;adduction choisi aux gaines techniques des diff\u00e9rents immeubles, et en faire un sch\u00e9ma. Chez nous, la liaison entre les deux immeubles est possible via un parking souterrain ;<\/p>\n<p>&#8211; trouver un emplacement pour la pose du &#8220;point de mutualisation&#8221; o\u00f9 les fibres des diff\u00e9rents op\u00e9rateurs parviennent avant de desservir les \u00e9tages. Chez SFR cela se concr\u00e9tise par la pose de 3 petits coffrets dans les parties communes ;<\/p>\n<p>&#8211; r\u00e9aliser des photographies de tous les emplacements strat\u00e9giques suscit\u00e9s, ainsi que des plans d&#8217;\u00e9vacuation incendie des sous-sols et rez-de-chauss\u00e9e qui permettent d&#8217;avoir des plans exacts et relativement d\u00e9taill\u00e9s ;<\/p>\n<p>&#8211; consigner le tout dans un rapport \u00e9crit (incluant un \u00e9tat des lieux avant travaux), qui servira de document de r\u00e9f\u00e9rence aux installateurs.<\/p>\n<p>Note amusante, le point d&#8217;adduction choisi par SFR est le point d&#8217;arriv\u00e9e des c\u00e2bles France T\u00e9l\u00e9com, alors que Free avait choisi d&#8217;arriver par les \u00e9gouts, dans le &#8220;local eau&#8221; de la copropri\u00e9t\u00e9. Le point de mutualisation ne sera donc pas pos\u00e9 \u00e0 c\u00f4t\u00e9 de l&#8217;arriv\u00e9e fibre Free horizontale.<\/p>\n<p>Toute l&#8217;op\u00e9ration de rep\u00e9rage a pris un peu plus d&#8217;une heure pour une copropri\u00e9t\u00e9 de 34 appartements, pendant laquelle il a fallu accompagner l&#8217;intervenant pour le guider dans sa visite.<\/p>\n<p>Le d\u00e9lai annonc\u00e9 avant pose est d&#8217;environ 3 \u00e0 5 semaines.<\/p>\n<p>On m&#8217;a dit qu&#8217;avec un peu de chance cela sera peut-\u00eatre possible avant le 14 juillet&#8230;<\/p>\n<p>Jje croise les doigts, je touche du bois, j&#8217;ai pr\u00e9par\u00e9 les cierges et j&#8217;immole chaque soir des paquets IPv4 et IPv6 sur un b\u00fbcher de jeunes commutateurs r\u00e9seau.<\/p>\n","protected":false},"excerpt":{"rendered":"<p>(suite de la\u00a0 saison 5) Vous vous souvenez de l&#8217;\u00e9pisode pr\u00e9c\u00e9dent, o\u00f9 l&#8217;assembl\u00e9e g\u00e9n\u00e9rale de copropri\u00e9t\u00e9 avait vot\u00e9 la signature d&#8217;une convention avec un nouvel op\u00e9rateur d&#8217;immeuble, SFR. Ensuite, rien pendant pr\u00e8s de 6 mois. Jusqu&#8217;\u00e0 ce que j&#8221;entreprenne d&#8217;appeler, le 3 juin dernier, le syndic pour m&#8217;enqu\u00e9rir de l&#8217;avancement du dossier. Le responsable du &hellip; <a href=\"https:\/\/signal.eu.org\/blog\/2013\/06\/25\/ftth-en-france-saison-6-du-rififi-chez-le-syndic-relance-du-dossier-et-reperage-v2\/\" class=\"more-link\">Continue reading <span class=\"screen-reader-text\">FTTH en France, saison 6 : du rififi chez le syndic, relance du dossier et rep\u00e9rage v2<\/span> <span class=\"meta-nav\">&rarr;<\/span><\/a><\/p>\n","protected":false},"author":1,"featured_media":0,"comment_status":"open","ping_status":"open","sticky":false,"template":"","format":"standard","meta":[],"categories":[15,17],"tags":[],"_links":{"self":[{"href":"https:\/\/signal.eu.org\/blog\/wp-json\/wp\/v2\/posts\/860"}],"collection":[{"href":"https:\/\/signal.eu.org\/blog\/wp-json\/wp\/v2\/posts"}],"about":[{"href":"https:\/\/signal.eu.org\/blog\/wp-json\/wp\/v2\/types\/post"}],"author":[{"embeddable":true,"href":"https:\/\/signal.eu.org\/blog\/wp-json\/wp\/v2\/users\/1"}],"replies":[{"embeddable":true,"href":"https:\/\/signal.eu.org\/blog\/wp-json\/wp\/v2\/comments?post=860"}],"version-history":[{"count":8,"href":"https:\/\/signal.eu.org\/blog\/wp-json\/wp\/v2\/posts\/860\/revisions"}],"predecessor-version":[{"id":864,"href":"https:\/\/signal.eu.org\/blog\/wp-json\/wp\/v2\/posts\/860\/revisions\/864"}],"wp:attachment":[{"href":"https:\/\/signal.eu.org\/blog\/wp-json\/wp\/v2\/media?parent=860"}],"wp:term":[{"taxonomy":"category","embeddable":true,"href":"https:\/\/signal.eu.org\/blog\/wp-json\/wp\/v2\/categories?post=860"},{"taxonomy":"post_tag","embeddable":true,"href":"https:\/\/signal.eu.org\/blog\/wp-json\/wp\/v2\/tags?post=860"}],"curies":[{"name":"wp","href":"https:\/\/api.w.org\/{rel}","templated":true}]}}